{"id":33245,"date":"2026-04-23T16:00:37","date_gmt":"2026-04-23T14:00:37","guid":{"rendered":"https:\/\/wiegel.de\/?post_type=news&#038;p=33245"},"modified":"2026-04-27T16:37:09","modified_gmt":"2026-04-27T14:37:09","slug":"postup-vystavby-ve-feuchtwangenu-ocelova-konstrukce-nove-lakovny-dokoncena","status":"publish","type":"news","link":"https:\/\/wiegel.de\/cs\/news\/postup-vystavby-ve-feuchtwangenu-ocelova-konstrukce-nove-lakovny-dokoncena\/","title":{"rendered":"Postup v\u00fdstavby ve Feuchtwangenu: Ocelov\u00e1 konstrukce nov\u00e9 lakovny dokon\u010dena"},"template":"","class_list":["post-33245","news","type-news","status-publish","hentry"],"acf":[],"yoast_head":"<!-- This site is optimized with the Yoast SEO Premium plugin v27.4 (Yoast SEO v27.4) - https:\/\/yoast.com\/product\/yoast-seo-premium-wordpress\/ -->\n<title>Postup v\u00fdstavby ve Feuchtwangenu: Ocelov\u00e1 konstrukce nov\u00e9 lakovny dokon\u010dena - WIEGEL<\/title>\n<meta name=\"description\" content=\"Postup v\u00fdstavby ve Feuchtwangenu: ocelov\u00e1 konstrukce nov\u00e9ho za\u0159\u00edzen\u00ed WIEGEL je dokon\u010dena. Modern\u00ed centrum spojuje zinkov\u00e1n\u00ed a lakov\u00e1n\u00ed.\" \/>\n<meta name=\"robots\" content=\"index, follow, max-snippet:-1, max-image-preview:large, max-video-preview:-1\" \/>\n<link rel=\"canonical\" href=\"https:\/\/wiegel.de\/cs\/news\/postup-vystavby-ve-feuchtwangenu-ocelova-konstrukce-nove-lakovny-dokoncena\/\" \/>\n<meta property=\"og:locale\" content=\"cs_CZ\" \/>\n<meta property=\"og:type\" content=\"article\" \/>\n<meta property=\"og:title\" content=\"Postup v\u00fdstavby ve Feuchtwangenu: Ocelov\u00e1 konstrukce nov\u00e9 lakovny dokon\u010dena\" \/>\n<meta property=\"og:description\" content=\"Postup v\u00fdstavby ve Feuchtwangenu: ocelov\u00e1 konstrukce nov\u00e9ho za\u0159\u00edzen\u00ed WIEGEL je dokon\u010dena. Modern\u00ed centrum spojuje zinkov\u00e1n\u00ed a lakov\u00e1n\u00ed.\" \/>\n<meta property=\"og:url\" content=\"https:\/\/wiegel.de\/cs\/news\/postup-vystavby-ve-feuchtwangenu-ocelova-konstrukce-nove-lakovny-dokoncena\/\" \/>\n<meta property=\"og:site_name\" content=\"WIEGEL\" \/>\n<meta property=\"article:modified_time\" content=\"2026-04-27T14:37:09+00:00\" \/>\n<meta property=\"og:image\" content=\"https:\/\/wiegel.de\/wp-content\/uploads\/2026\/04\/Baufortschritt-WFB_1-150x150.jpg\" \/>\n<meta name=\"twitter:card\" content=\"summary_large_image\" \/>\n<script type=\"application\/ld+json\" class=\"yoast-schema-graph\">{\"@context\":\"https:\\\/\\\/schema.org\",\"@graph\":[{\"@type\":\"WebPage\",\"@id\":\"https:\\\/\\\/wiegel.de\\\/cs\\\/news\\\/postup-vystavby-ve-feuchtwangenu-ocelova-konstrukce-nove-lakovny-dokoncena\\\/\",\"url\":\"https:\\\/\\\/wiegel.de\\\/cs\\\/news\\\/postup-vystavby-ve-feuchtwangenu-ocelova-konstrukce-nove-lakovny-dokoncena\\\/\",\"name\":\"Postup v\u00fdstavby ve Feuchtwangenu: Ocelov\u00e1 konstrukce nov\u00e9 lakovny dokon\u010dena - WIEGEL\",\"isPartOf\":{\"@id\":\"https:\\\/\\\/wiegel.de\\\/#website\"},\"datePublished\":\"2026-04-23T14:00:37+00:00\",\"dateModified\":\"2026-04-27T14:37:09+00:00\",\"description\":\"Postup v\u00fdstavby ve Feuchtwangenu: ocelov\u00e1 konstrukce nov\u00e9ho za\u0159\u00edzen\u00ed WIEGEL je dokon\u010dena. Modern\u00ed centrum spojuje zinkov\u00e1n\u00ed a lakov\u00e1n\u00ed.\",\"breadcrumb\":{\"@id\":\"https:\\\/\\\/wiegel.de\\\/cs\\\/news\\\/postup-vystavby-ve-feuchtwangenu-ocelova-konstrukce-nove-lakovny-dokoncena\\\/#breadcrumb\"},\"inLanguage\":\"cs\",\"potentialAction\":[{\"@type\":\"ReadAction\",\"target\":[\"https:\\\/\\\/wiegel.de\\\/cs\\\/news\\\/postup-vystavby-ve-feuchtwangenu-ocelova-konstrukce-nove-lakovny-dokoncena\\\/\"]}]},{\"@type\":\"BreadcrumbList\",\"@id\":\"https:\\\/\\\/wiegel.de\\\/cs\\\/news\\\/postup-vystavby-ve-feuchtwangenu-ocelova-konstrukce-nove-lakovny-dokoncena\\\/#breadcrumb\",\"itemListElement\":[{\"@type\":\"ListItem\",\"position\":1,\"name\":\"Start\",\"item\":\"https:\\\/\\\/wiegel.de\\\/cs\\\/\"},{\"@type\":\"ListItem\",\"position\":2,\"name\":\"Postup v\u00fdstavby ve Feuchtwangenu: Ocelov\u00e1 konstrukce nov\u00e9 lakovny dokon\u010dena\"}]},{\"@type\":\"WebSite\",\"@id\":\"https:\\\/\\\/wiegel.de\\\/#website\",\"url\":\"https:\\\/\\\/wiegel.de\\\/\",\"name\":\"WIEGEL\",\"description\":\"Feuerverzinken, Beschichten, Gittermastbau, Telekommunikation\",\"potentialAction\":[{\"@type\":\"SearchAction\",\"target\":{\"@type\":\"EntryPoint\",\"urlTemplate\":\"https:\\\/\\\/wiegel.de\\\/?s={search_term_string}\"},\"query-input\":{\"@type\":\"PropertyValueSpecification\",\"valueRequired\":true,\"valueName\":\"search_term_string\"}}],\"inLanguage\":\"cs\"}]}<\/script>\n<!-- \/ Yoast SEO Premium plugin. -->","yoast_head_json":{"title":"Postup v\u00fdstavby ve Feuchtwangenu: Ocelov\u00e1 konstrukce nov\u00e9 lakovny dokon\u010dena - WIEGEL","description":"Postup v\u00fdstavby ve Feuchtwangenu: ocelov\u00e1 konstrukce nov\u00e9ho za\u0159\u00edzen\u00ed WIEGEL je dokon\u010dena. Modern\u00ed centrum spojuje zinkov\u00e1n\u00ed a lakov\u00e1n\u00ed.","robots":{"index":"index","follow":"follow","max-snippet":"max-snippet:-1","max-image-preview":"max-image-preview:large","max-video-preview":"max-video-preview:-1"},"canonical":"https:\/\/wiegel.de\/cs\/news\/postup-vystavby-ve-feuchtwangenu-ocelova-konstrukce-nove-lakovny-dokoncena\/","og_locale":"cs_CZ","og_type":"article","og_title":"Postup v\u00fdstavby ve Feuchtwangenu: Ocelov\u00e1 konstrukce nov\u00e9 lakovny dokon\u010dena","og_description":"Postup v\u00fdstavby ve Feuchtwangenu: ocelov\u00e1 konstrukce nov\u00e9ho za\u0159\u00edzen\u00ed WIEGEL je dokon\u010dena. Modern\u00ed centrum spojuje zinkov\u00e1n\u00ed a lakov\u00e1n\u00ed.","og_url":"https:\/\/wiegel.de\/cs\/news\/postup-vystavby-ve-feuchtwangenu-ocelova-konstrukce-nove-lakovny-dokoncena\/","og_site_name":"WIEGEL","article_modified_time":"2026-04-27T14:37:09+00:00","og_image":[{"url":"https:\/\/wiegel.de\/wp-content\/uploads\/2026\/04\/Baufortschritt-WFB_1-150x150.jpg","type":"","width":"","height":""}],"twitter_card":"summary_large_image","schema":{"@context":"https:\/\/schema.org","@graph":[{"@type":"WebPage","@id":"https:\/\/wiegel.de\/cs\/news\/postup-vystavby-ve-feuchtwangenu-ocelova-konstrukce-nove-lakovny-dokoncena\/","url":"https:\/\/wiegel.de\/cs\/news\/postup-vystavby-ve-feuchtwangenu-ocelova-konstrukce-nove-lakovny-dokoncena\/","name":"Postup v\u00fdstavby ve Feuchtwangenu: Ocelov\u00e1 konstrukce nov\u00e9 lakovny dokon\u010dena - WIEGEL","isPartOf":{"@id":"https:\/\/wiegel.de\/#website"},"datePublished":"2026-04-23T14:00:37+00:00","dateModified":"2026-04-27T14:37:09+00:00","description":"Postup v\u00fdstavby ve Feuchtwangenu: ocelov\u00e1 konstrukce nov\u00e9ho za\u0159\u00edzen\u00ed WIEGEL je dokon\u010dena. Modern\u00ed centrum spojuje zinkov\u00e1n\u00ed a lakov\u00e1n\u00ed.","breadcrumb":{"@id":"https:\/\/wiegel.de\/cs\/news\/postup-vystavby-ve-feuchtwangenu-ocelova-konstrukce-nove-lakovny-dokoncena\/#breadcrumb"},"inLanguage":"cs","potentialAction":[{"@type":"ReadAction","target":["https:\/\/wiegel.de\/cs\/news\/postup-vystavby-ve-feuchtwangenu-ocelova-konstrukce-nove-lakovny-dokoncena\/"]}]},{"@type":"BreadcrumbList","@id":"https:\/\/wiegel.de\/cs\/news\/postup-vystavby-ve-feuchtwangenu-ocelova-konstrukce-nove-lakovny-dokoncena\/#breadcrumb","itemListElement":[{"@type":"ListItem","position":1,"name":"Start","item":"https:\/\/wiegel.de\/cs\/"},{"@type":"ListItem","position":2,"name":"Postup v\u00fdstavby ve Feuchtwangenu: Ocelov\u00e1 konstrukce nov\u00e9 lakovny dokon\u010dena"}]},{"@type":"WebSite","@id":"https:\/\/wiegel.de\/#website","url":"https:\/\/wiegel.de\/","name":"WIEGEL","description":"Feuerverzinken, Beschichten, Gittermastbau, Telekommunikation","potentialAction":[{"@type":"SearchAction","target":{"@type":"EntryPoint","urlTemplate":"https:\/\/wiegel.de\/?s={search_term_string}"},"query-input":{"@type":"PropertyValueSpecification","valueRequired":true,"valueName":"search_term_string"}}],"inLanguage":"cs"}]}},"_links":{"self":[{"href":"https:\/\/wiegel.de\/cs\/wp-json\/wp\/v2\/news\/33245","targetHints":{"allow":["GET"]}}],"collection":[{"href":"https:\/\/wiegel.de\/cs\/wp-json\/wp\/v2\/news"}],"about":[{"href":"https:\/\/wiegel.de\/cs\/wp-json\/wp\/v2\/types\/news"}],"version-history":[{"count":2,"href":"https:\/\/wiegel.de\/cs\/wp-json\/wp\/v2\/news\/33245\/revisions"}],"predecessor-version":[{"id":33247,"href":"https:\/\/wiegel.de\/cs\/wp-json\/wp\/v2\/news\/33245\/revisions\/33247"}],"wp:attachment":[{"href":"https:\/\/wiegel.de\/cs\/wp-json\/wp\/v2\/media?parent=33245"}],"curies":[{"name":"wp","href":"https:\/\/api.w.org\/{rel}","templated":true}]}}